{"id":1639,"date":"2023-02-09T15:23:02","date_gmt":"2023-02-09T15:23:02","guid":{"rendered":"https:\/\/spring-shift.com\/esg-pit-stop-1\/"},"modified":"2024-11-19T10:39:13","modified_gmt":"2024-11-19T10:39:13","slug":"esg-pit-stop-1","status":"publish","type":"post","link":"https:\/\/spring-shift.com\/en\/esg-pit-stop-1\/","title":{"rendered":"ESG pit stop #1"},"content":{"rendered":"<h2 class=\"wp-block-post-title\">ESG pit stop #1<\/h2>\n\n\n<p>Istra\u017eivanje i u\u010denje sastavni su dio savjetni\u010dkog posla. U \u017eelji da s vama razmjenjujemo znanje, donosimo mjese\u010dni pregled ESG sadr\u017eaja koji vam mo\u017ee pomo\u0107i da budete u tijeku s najnovijim razvojima u svijetu odr\u017eivosti.<\/p>\n\n\n\n<figure class=\"wp-block-image size-full\"><img loading=\"lazy\" decoding=\"async\" width=\"1000\" height=\"800\" src=\"https:\/\/spring-shift.com\/wp-content\/uploads\/2023\/02\/image.png\" alt=\"\" class=\"wp-image-1714\" style=\"aspect-ratio:9\/16;object-fit:cover\" srcset=\"https:\/\/spring-shift.com\/wp-content\/uploads\/2023\/02\/image.png 1000w, https:\/\/spring-shift.com\/wp-content\/uploads\/2023\/02\/image-300x240.png 300w, https:\/\/spring-shift.com\/wp-content\/uploads\/2023\/02\/image-768x614.png 768w, https:\/\/spring-shift.com\/wp-content\/uploads\/2023\/02\/image-15x12.png 15w\" sizes=\"auto, (max-width: 1000px) 100vw, 1000px\" \/><\/figure>\n\n\n\n<p><span style=\"color: #2f5496;\"><strong>Klimatske promjene, prirodne katastrofe i ekstremne vremenske nepogode najve\u0107e su prijetnje ovog desetlje\u0107a <\/strong><\/span><\/p>\n\n\n\n<p>Svjetski ekonomski forum (WEF)<span style=\"color: #2d2b7a;\"> objavio je <\/span>18. izdanje svojeg godi\u0161njeg <u><a href=\"https:\/\/www.weforum.org\/reports\/global-risks-report-2023\/\" target=\"_blank\" rel=\"noopener\">izvje\u0161taja<\/a><\/u> o globalnim ekonomskim, okoli\u0161nim, geopoliti\u010dkim, dru\u0161tvenim i tehnolo\u0161kim rizicima u narednom desetlje\u0107u. Devet od deset klju\u010dnih rizika pojavljuje se i u dvogodi\u0161njoj i desetogodi\u0161njoj perspektivi. Kao najve\u0107a kratkoro\u010dna prijetnja u okolnostima inflatornog pritisaka i potencijalno du\u017eeg ratnog sukoba u Ukrajini prepoznati su kriza uzrokovana porastom tro\u0161kova \u017eivota, prirodne katastrofe i ekstremne vremenske nepogode te geoekonomski sukobi. Globalna ekonomska fragmentacija i geopoliti\u010dke tenzije istaknuti su kao trenutna prijetnja s dalekose\u017enim posljedicama.<\/p>\n\n\n\n<p>Na listi deset dugoro\u010dno najve\u0107ih rizika nalazi se \u010dak \u0161est okoli\u0161nih, a klimatske promjene na samom su vrhu izme\u0111u ostalog i zbog poja\u010davaju\u0107eg utjecaja prilikom pojave negativnih posljedica drugih rizika. U sljede\u0107ih deset godina strahuje se i od daljnjeg naru\u0161avanja dru\u0161tvene kohezije i polarizacije, migracija i geopoliti\u010dkih sukoba, a na obje liste rizika kojima se treba upravljati na\u0161le su se i kiberneti\u010dke prijetnje. WEF je objavio i svoje najnovije <u><a href=\"https:\/\/www.weforum.org\/reports\/global-cybersecurity-outlook-2023\/\" target=\"_blank\" rel=\"noopener\">istra\u017eivanje<\/a><\/u> <span style=\"color: #2d2b7a;\">pogleda na kiberneti\u010dku sigurnost koje pokazuje da su \u010dlanovi uprava vode\u0107ih svjetskih kompanija <\/span>svjesni velike zna\u010dajnosti upravljanja kiberneti\u010dkim rizicima, ali izazov i dalje predstavlja zna\u010dajno razila\u017eenje u njihovoj percepciji klju\u010dnih prijetnji u odnosu na ispitane cyber stru\u010dnjake.<\/p>\n\n\n\n<p><span style=\"color: #2f5496;\"><strong>Uspje\u0161na prilagodba na trend globalnog starenja i pitanje me\u0111ugeneracijske pravi\u010dnosti visoko na listi UN-ovih prioriteta<\/strong><\/span><\/p>\n\n\n\n<p>Odjel za ekonomska i socijalna pitanja Ujedinjenih naroda (DESA) je povodom 20. godi\u0161njice Madridskog me\u0111unarodnog akcijskog plana o starenju stanovni\u0161tva objavio globalni dru\u0161tveni <u><a href=\"https:\/\/www.un.org\/development\/desa\/dspd\/world-social-report\/2023-2.html\" target=\"_blank\" rel=\"noopener\">izvje\u0161taj<\/a><\/u> <span style=\"color: #2d2b7a;\">za 2023. godinu. <\/span>Prema procjenama Ujedinjenih naroda (UN), populacija osoba u dobi iznad 65 godina utrostru\u010dit \u0107e se do 2050. godine i dosegnut \u0107e brojku od 1,6 milijardi odnosno 16% ukupnog broja ljudi. Starenje stanovni\u0161tva globalni je ireverzibilni trend koji se pojavio zbog smanjenja stopa smrtnosti i produljenja \u017eivotnog vijeka u gotovo svim dr\u017eavama svijeta, a ima ozbiljne dru\u0161tvene i gospodarske implikacije.<\/p>\n\n\n\n<p>Pitanje me\u0111ugeneracijske pravi\u010dnosti prepoznato je kao jedno od klju\u010dnih uo\u010di svjetskih sastanaka na vrhu Ujedinjenih naroda o ciljevima odr\u017eivog razvoja koji \u0107e se odr\u017eati 2023. i budu\u0107nosti 2024. godine. Republika Hrvatska slu\u017ebeno je najavila svoj drugi, a Europska unija prvi zajedni\u010dki dobrovoljni nacionalni pregled (VNR) o provedbi UN-ovih ciljeva odr\u017eivog razvoja.<\/p>\n\n\n\n<h4 class=\"wp-block-heading\">Dodatne zanimljivosti:<\/h4>\n\n\n\n<ul class=\"wp-block-list\">\n<li><p style=\"text-align: left;\"><span style=\"color: #2d2b7a;\">Direktiva o korporativnom izvje\u0161tavanju o odr\u017eivosti <\/span>(<u><a href=\"https:\/\/oeil.secure.europarl.europa.eu\/oeil\/popups\/summary.do?id=1728046&amp;t=f&amp;l=en\" target=\"_blank\" rel=\"noopener\">CSRD<\/a><\/u>) stupila je na snagu 5. sije\u010dnja, a dr\u017eave \u010dlanice Europske unije, uklju\u010duju\u0107i Hrvatsku, du\u017ene su je prenijeti u nacionalno zakonodavstvo najkasnije do 6. srpnja 2024. godine. Nova regulativa po\u010dinje se primjenjivati od 2025. i donosi ve\u0107e zahtjeve u izvje\u0161tavanju o odr\u017eivosti za sve ve\u0107i broj kompanija. Najve\u0107a promjena je u razini ozbiljnosti objava koje Direktiva tra\u017ei, a uklju\u010duje obvezu izvje\u0161tavanja o utjecajima na odr\u017eivost koji proizlaze iz poslovnih modela, strate\u0161kom pristupu i uklju\u010denju donositelja odluka u upravljanje pitanjima odr\u017eivosti te utjecaju vanjskih \u010dimbenika kao \u0161to su klimatske promjene i ljudska prava na financijsku odr\u017eivost organizacija. Do 30. lipnja ove godine o\u010dekuje se i usvajanje prvog seta za kompanije obveznih EU standarda za izvje\u0161tavanje o odr\u017eivosti (ESRS), a <u><a href=\"https:\/\/www.efrag.org\/lab6\" target=\"_blank\" rel=\"noopener\"><span style=\"color: #0563c1;\">najnoviji nacrt standarda<\/span><\/a><\/u> javno je dostupan od studenog pro\u0161le godine.<\/p><\/li>\n\n\n\n<li><p style=\"text-align: left;\">Svi pojedinci doprinose pove\u0107anju emisija stakleni\u010dkih plinova, ali ne na isti na\u010din. Top 10% globalnih zaga\u0111iva\u010da odgovorno je za gotovo polovicu svih emisija, a top 1% stvara vi\u0161e CO2 od donje polovice globalne populacije. <u><a href=\"https:\/\/wid.world\/news-article\/climate-inequality-report-2023-fair-taxes-for-a-sustainable-future-in-the-global-south\/\" target=\"_blank\" rel=\"noopener\"><span style=\"color: #0563c1;\">Nalazi studije o klimatskoj nejednakosti<\/span><\/a><\/u> pokazuju da je razlika izme\u0111u emisija bogatih i siroma\u0161nih unutar dr\u017eava sada ve\u0107a od razlike u emisija izme\u0111u dr\u017eava. S obzirom na to da klimatske promjene zna\u010dajno negativnije utje\u010du na siroma\u0161nije, mjere za ubla\u017eavanje klimatskih promjena trebale bi biti usmjerene na one koji vi\u0161e zaga\u0111uju.<\/p><\/li>\n\n\n\n<li><p style=\"text-align: left;\">Tr\u017ei\u0161te rada i gospodarstvo suo\u010deni su s ozbiljnim izazovima u 2023., a stru\u010dnjaci s Harvardove poslovne \u0161kole prepoznali su <u><a href=\"https:\/\/hbswk.hbs.edu\/item\/trends-to-watch-in-2023\" target=\"_blank\" rel=\"noopener\"><span style=\"color: #0563c1;\">osam trendova<\/span><\/a><\/u> za \u201cfokusirane lidere\u201d. Poslovne prilike \u201ckriju se\u201d u prilagodbi politika zapo\u0161ljavanja, radnih uvjeta, odnosa sa zaposlenicima, upravljanja organizacijom i investicijskim trendovima.<\/p><\/li>\n\n\n\n<li><p style=\"text-align: left;\">Odr\u017eivost je trenutno goru\u0107a tema u SAD-u, a zbog rastu\u0107e popularnosti ESG-a u javnosti su sve prisutniji i politi\u010dari i komentatori koji kritiziraju odr\u017eivost kao negativnu posljedicu woke kulture. Medijska grupacija GreenBiz koja ve\u0107 16 godina objavljuje najave klju\u010dnih ameri\u010dkih trendova u zelenom poslovanju i ove godine je objavila svoju <u><a href=\"https:\/\/www.greenbiz.com\/article\/state-green-business-2023\" target=\"_blank\" rel=\"noopener\"><span style=\"color: #0563c1;\">listu top deset trendova<\/span><\/a><\/u> i razvoja koji \u0107e se na\u0107i pod nikad ve\u0107im pove\u0107alom javnosti.<\/p><\/li>\n<\/ul>","protected":false},"excerpt":{"rendered":"<p>Istra\u017eivanje i u\u010denje sastavni su dio savjetni\u010dkog posla. U \u017eelji da s vama razmjenjujemo znanje, donosimo mjese\u010dni pregled ESG sadr\u017eaja&#8230;<\/p>","protected":false},"author":9,"featured_media":1714,"comment_status":"open","ping_status":"open","sticky":false,"template":"","format":"standard","meta":{"_uag_custom_page_level_css":"","site-sidebar-layout":"default","site-content-layout":"","ast-site-content-layout":"default","site-content-style":"default","site-sidebar-style":"default","ast-global-header-display":"","ast-banner-title-visibility":"","ast-main-header-display":"","ast-hfb-above-header-display":"","ast-hfb-below-header-display":"","ast-hfb-mobile-header-display":"","site-post-title":"disabled","ast-breadcrumbs-content":"","ast-featured-img":"","footer-sml-layout":"","theme-transparent-header-meta":"","adv-header-id-meta":"","stick-header-meta":"","header-above-stick-meta":"","header-main-stick-meta":"","header-below-stick-meta":"","astra-migrate-meta-layouts":"set","ast-page-background-enabled":"default","ast-page-background-meta":{"desktop":{"background-color":"var(--ast-global-color-4)","background-image":"","background-repeat":"repeat","background-position":"center center","background-size":"auto","background-attachment":"scroll","background-type":"","background-media":"","overlay-type":"","overlay-color":"","overlay-opacity":"","overlay-gradient":""},"tablet":{"background-color":"","background-image":"","background-repeat":"repeat","background-position":"center center","background-size":"auto","background-attachment":"scroll","background-type":"","background-media":"","overlay-type":"","overlay-color":"","overlay-opacity":"","overlay-gradient":""},"mobile":{"background-color":"","background-image":"","background-repeat":"repeat","background-position":"center center","background-size":"auto","background-attachment":"scroll","background-type":"","background-media":"","overlay-type":"","overlay-color":"","overlay-opacity":"","overlay-gradient":""}},"ast-content-background-meta":{"desktop":{"background-color":"var(--ast-global-color-5)","background-image":"","background-repeat":"repeat","background-position":"center center","background-size":"auto","background-attachment":"scroll","background-type":"","background-media":"","overlay-type":"","overlay-color":"","overlay-opacity":"","overlay-gradient":""},"tablet":{"background-color":"var(--ast-global-color-5)","background-image":"","background-repeat":"repeat","background-position":"center center","background-size":"auto","background-attachment":"scroll","background-type":"","background-media":"","overlay-type":"","overlay-color":"","overlay-opacity":"","overlay-gradient":""},"mobile":{"background-color":"var(--ast-global-color-5)","background-image":"","background-repeat":"repeat","background-position":"center center","background-size":"auto","background-attachment":"scroll","background-type":"","background-media":"","overlay-type":"","overlay-color":"","overlay-opacity":"","overlay-gradient":""}},"footnotes":""},"categories":[9],"tags":[],"class_list":["post-1639","post","type-post","status-publish","format-standard","has-post-thumbnail","hentry","category-blog"],"uagb_featured_image_src":{"full":["https:\/\/spring-shift.com\/wp-content\/uploads\/2023\/02\/image.png",1000,800,false],"thumbnail":["https:\/\/spring-shift.com\/wp-content\/uploads\/2023\/02\/image-150x150.png",150,150,true],"medium":["https:\/\/spring-shift.com\/wp-content\/uploads\/2023\/02\/image-300x240.png",300,240,true],"medium_large":["https:\/\/spring-shift.com\/wp-content\/uploads\/2023\/02\/image-768x614.png",768,614,true],"large":["https:\/\/spring-shift.com\/wp-content\/uploads\/2023\/02\/image.png",1000,800,false],"1536x1536":["https:\/\/spring-shift.com\/wp-content\/uploads\/2023\/02\/image.png",1000,800,false],"2048x2048":["https:\/\/spring-shift.com\/wp-content\/uploads\/2023\/02\/image.png",1000,800,false],"trp-custom-language-flag":["https:\/\/spring-shift.com\/wp-content\/uploads\/2023\/02\/image-15x12.png",15,12,true]},"uagb_author_info":{"display_name":"Riki Pahli\u0107","author_link":"https:\/\/spring-shift.com\/en\/author\/rikipahlic\/"},"uagb_comment_info":0,"uagb_excerpt":"Istra\u017eivanje i u\u010denje sastavni su dio savjetni\u010dkog posla. U \u017eelji da s vama razmjenjujemo znanje, donosimo mjese\u010dni pregled ESG sadr\u017eaja&#8230;","_links":{"self":[{"href":"https:\/\/spring-shift.com\/en\/wp-json\/wp\/v2\/posts\/1639","targetHints":{"allow":["GET"]}}],"collection":[{"href":"https:\/\/spring-shift.com\/en\/wp-json\/wp\/v2\/posts"}],"about":[{"href":"https:\/\/spring-shift.com\/en\/wp-json\/wp\/v2\/types\/post"}],"author":[{"embeddable":true,"href":"https:\/\/spring-shift.com\/en\/wp-json\/wp\/v2\/users\/9"}],"replies":[{"embeddable":true,"href":"https:\/\/spring-shift.com\/en\/wp-json\/wp\/v2\/comments?post=1639"}],"version-history":[{"count":1,"href":"https:\/\/spring-shift.com\/en\/wp-json\/wp\/v2\/posts\/1639\/revisions"}],"predecessor-version":[{"id":1715,"href":"https:\/\/spring-shift.com\/en\/wp-json\/wp\/v2\/posts\/1639\/revisions\/1715"}],"wp:featuredmedia":[{"embeddable":true,"href":"https:\/\/spring-shift.com\/en\/wp-json\/wp\/v2\/media\/1714"}],"wp:attachment":[{"href":"https:\/\/spring-shift.com\/en\/wp-json\/wp\/v2\/media?parent=1639"}],"wp:term":[{"taxonomy":"category","embeddable":true,"href":"https:\/\/spring-shift.com\/en\/wp-json\/wp\/v2\/categories?post=1639"},{"taxonomy":"post_tag","embeddable":true,"href":"https:\/\/spring-shift.com\/en\/wp-json\/wp\/v2\/tags?post=1639"}],"curies":[{"name":"wp","href":"https:\/\/api.w.org\/{rel}","templated":true}]}}