{"id":2768,"date":"2024-12-10T08:43:23","date_gmt":"2024-12-10T08:43:23","guid":{"rendered":"https:\/\/spring-shift.com\/?p=2768"},"modified":"2025-03-18T07:14:36","modified_gmt":"2025-03-18T07:14:36","slug":"pit-stop-14","status":"publish","type":"post","link":"https:\/\/spring-shift.com\/en\/pit-stop-14\/","title":{"rendered":"ESG pit stop #14"},"content":{"rendered":"<h2 class=\"wp-block-heading\">ESG pit stop #14<\/h2>\n\n\n\n<p>Jesen su obilje\u017eili formiranje nove Europske komisije i zna\u010dajne promjene u regulatornom okviru Europske unije. <\/p>\n\n\n\n<p>Ovo je pregled najnovijeg izdanja na\u0161eg #ESG pit stopa:<\/p>\n\n\n\n<ul class=\"wp-block-list\">\n<li>Ursula von der Leyen najavila izradu skupne (omnibus) uredbe za uskla\u0111ivanje CSRD-a, CSDDD-a i EU taksonomije;<\/li>\n\n\n\n<li>Postignut dogovor o odgodi primjene Uredbe o kr\u010denju \u0161uma (EUDR) za 12 mjeseci \u2013 novi datum po\u010detka primjene 30. prosinca 2025. godine;<\/li>\n\n\n\n<li>Usvojena Uredba o zabrani prisilnog rada (EUFLR) &#8211; kompletirana trijada du\u017ene pa\u017enje u lancu aktivnosti (CSDDD, EUDR i EUFLR);<\/li>\n\n\n\n<li>Europska komisija objavila nove smjernice za primjenu EU taksonomije;<\/li>\n\n\n\n<li>EFRAG objavio 64 dodatna obja\u0161njenja za primjenu Europskih standarda izvje\u0161tavanja o odr\u017eivosti (ESRS);<\/li>\n\n\n\n<li>Usvojena Uredba o ESG rejtingu (ESGR);<\/li>\n\n\n\n<li>Zaklju\u010dci sa COP29.<\/li>\n<\/ul>\n\n\n\n<figure class=\"wp-block-image size-large\"><img loading=\"lazy\" decoding=\"async\" width=\"1024\" height=\"819\" src=\"https:\/\/spring-shift.com\/wp-content\/uploads\/2024\/12\/ESG-pit-stop-4-1024x819.png\" alt=\"\" class=\"wp-image-2769\" srcset=\"https:\/\/spring-shift.com\/wp-content\/uploads\/2024\/12\/ESG-pit-stop-4-1024x819.png 1024w, https:\/\/spring-shift.com\/wp-content\/uploads\/2024\/12\/ESG-pit-stop-4-300x240.png 300w, https:\/\/spring-shift.com\/wp-content\/uploads\/2024\/12\/ESG-pit-stop-4-768x614.png 768w, https:\/\/spring-shift.com\/wp-content\/uploads\/2024\/12\/ESG-pit-stop-4-15x12.png 15w, https:\/\/spring-shift.com\/wp-content\/uploads\/2024\/12\/ESG-pit-stop-4.png 1500w\" sizes=\"auto, (max-width: 1024px) 100vw, 1024px\" \/><\/figure>\n\n\n\n<h4 class=\"wp-block-heading\">Najava skupne uredbe za uskla\u0111ivanje CSRD-a, CSDDD-a i EU taksonomije<\/h4>\n\n\n\n<p>Predsjednica Europske komisije Ursula von der Leyen najavila je izradu skupne (omnibus) uredbe kojom \u0107e se uskladiti Direktiva o korporativnom izvje\u0161\u0107ivanju o odr\u017eivosti (<a href=\"https:\/\/eur-lex.europa.eu\/legal-content\/HR\/TXT\/?uri=CELEX%3A32022L2464\" data-type=\"link\" data-id=\"https:\/\/eur-lex.europa.eu\/legal-content\/EN\/TXT\/?uri=CELEX%3A32022L2464\">CSRD<\/a>), Direktive o du\u017enoj pa\u017enji za odr\u017eivo poslovanje (<a href=\"https:\/\/eur-lex.europa.eu\/eli\/dir\/2024\/1760\/oj?eliuri=eli%3Adir%3A2024%3A1760%3Aoj&amp;locale=hr\" data-type=\"link\" data-id=\"https:\/\/eur-lex.europa.eu\/eli\/dir\/2024\/1760\/oj\">CSDDD<\/a>) i Uredbe o uspostavi okvira za olak\u0161avanje odr\u017eivih ulaganja (<a href=\"https:\/\/eur-lex.europa.eu\/legal-content\/HR\/TXT\/?uri=CELEX%3A32020R0852\" data-type=\"link\" data-id=\"https:\/\/eur-lex.europa.eu\/legal-content\/HR\/TXT\/?uri=CELEX%3A32020R0852\">EU taksonomija<\/a>). Potrebu za ponovnim razmatranjem usvojenih pravila u podru\u010dju korporativne odr\u017eivosti von der Leyen prvi put je najavila u <a href=\"https:\/\/ec.europa.eu\/commission\/presscorner\/detail\/hr\/speech_23_4426\" data-type=\"link\" data-id=\"https:\/\/ec.europa.eu\/commission\/presscorner\/detail\/hr\/speech_23_4426\">govoru o stanju Unije 2023. godine<\/a>, a da \u0107e to biti strate\u0161ki smjer nove Komisije potvrdili su <a href=\"https:\/\/ec.europa.eu\/commission\/presscorner\/detail\/hr\/speech_23_4426\" data-type=\"link\" data-id=\"https:\/\/ec.europa.eu\/commission\/presscorner\/detail\/hr\/speech_23_4426\">izvje\u0161taj Marija Draghija o budu\u0107nosti europske konkurentnosti<\/a> i <a href=\"https:\/\/www.consilium.europa.eu\/hr\/press\/press-releases\/2024\/11\/08\/the-budapest-declaration\/\" data-type=\"link\" data-id=\"https:\/\/www.consilium.europa.eu\/hr\/press\/press-releases\/2024\/11\/08\/the-budapest-declaration\/\">izjava iz Budimpe\u0161te o novom dogovoru o europskoj konkurentnosti<\/a>.<br><\/p>\n\n\n\n<p>Namjera nove Europske komisije je preusmjeravanje sredstava sa izvje\u0161tavanja na realizaciju Europskog zelenog plana kako bi gospodarstvo EU-a uhvatilo korak s gospodarstvima SAD-a i Kine. Glavni ciljevi ponovnog otvaranja pregovora oko ovih akata koje \u0107e predvoditi povjerenik Valdis Dombrovskis bit \u0107e administrativno rastere\u0107enje odnosno smanjenje postoje\u0107ih izvje\u0161tajnih obveza za 25 posto za velike i 35 posto za male i srednje kompanije te pove\u0107anje koherentnosti me\u0111u razli\u010ditim aktima kako bi EU pravila postala jednostavnija za primjenu, pristupa\u010dnija gra\u0111anima i usmjerena na ostvarenje ciljeva Europskog zelenog plana.<br><\/p>\n\n\n\n<p>O\u010dekuje se da \u0107e Europska komisija prvi nacrt ove sveobuhvatne uredbe objaviti krajem velja\u010de, a prema prvim najavama pojednostavljivanje administrativnih zahtjeva ne smije kompromitirati kvalitetu i transparentnost izvje\u0161tavanja koji bi trebali doprinijeti dono\u0161enju ulaga\u010dkih odluka i pove\u0107anju povjerenja dionika. Ne o\u010dekuje se da \u0107e ove promjene utjecati na objavu prvih izvje\u0161taja o odr\u017eivosti prema Europskim standardima izvje\u0161tavanja o odr\u017eivosti (ESRS) za obveznike Zakona o ra\u010dunovodstvu za 2024. godinu.<\/p>\n\n\n\n<h4 class=\"wp-block-heading\">Primjena Uredbe o kr\u010denju \u0161uma (EUDR) odgo\u0111ena za 12 mjeseci<\/h4>\n\n\n\n<p>Vije\u0107e Europske unije i Europski parlament postigli su <a href=\"https:\/\/www.consilium.europa.eu\/en\/press\/press-releases\/2024\/12\/03\/eu-deforestation-law-council-and-parliament-agree-on-its-targeted-amendment\/\" data-type=\"link\" data-id=\"https:\/\/www.consilium.europa.eu\/en\/press\/press-releases\/2024\/12\/03\/eu-deforestation-law-council-and-parliament-agree-on-its-targeted-amendment\/\">dogovor o odgodi<\/a> primjene Uredbe o kr\u010denju \u0161uma (<a href=\"https:\/\/eur-lex.europa.eu\/legal-content\/HR\/TXT\/PDF\/?uri=CELEX:32023R1115\" data-type=\"link\" data-id=\"https:\/\/eur-lex.europa.eu\/legal-content\/HR\/TXT\/PDF\/?uri=CELEX:32023R1115\">EUDR<\/a>) za godinu dana, a novi datum po\u010detka primjene 30. prosinca 2025. godine. Uredba je na snazi od 29. lipnja 2023. godine, a Europska unije je usvojila ova pravila kako bi se osiguralo da proizvodi plasirani na EU tr\u017ei\u0161te ili izvezeni iz Europske unije ne uzrokuju deforestaciju i\/ili degradaciju \u0161uma tijekom proizvodnje.<\/p>\n\n\n\n<p>Uredba o kr\u010denju \u0161uma trebala je u\u0107i u primjenu 30. prosinca 2024. godine, a potreba za odgodom pojavila se prvenstveno jer svi preduvjeti za njezinu provedbu nisu bili ispunjeni na vrijeme. Neki od klju\u010dnih preostalih izazova uklju\u010duju nedovr\u0161enu analizu i kategorizaciju rizi\u010dnosti zemalja i sredi\u0161nju platformu Europske komisije koja bi trebala slu\u017eiti kao repozitorij za evidenciju svih analiza du\u017ene pa\u017enje dionika u lancu aktivnosti svakog proizvoda \u0161to je preduvjet za njegovo plasiranje na tr\u017ei\u0161te EU-a.<\/p>\n\n\n\n<p>Odgoda primjene EUDR-a trebala bi dionicima omogu\u0107iti bolju pripremu za odgovor na visoke zahtjeve ove uredbe, a dogovor suzakonodavaca eksplicitno navodi da ne postoji mogu\u0107nosti daljnje odgode u slu\u010daju novih ka\u0161njenja Europske komisije ni promjene sadr\u017eaja.<\/p>\n\n\n\n<h5 class=\"wp-block-heading\">Dodatne zanimljivosti iz zakonodavstva Europske unije:<\/h5>\n\n\n\n<ul class=\"wp-block-list\">\n<li>Vije\u0107e Europske unije usvojilo je Uredbu o zabrani proizvoda nastalih prisilnim radom (<a href=\"https:\/\/www.consilium.europa.eu\/en\/press\/press-releases\/2024\/11\/19\/products-made-with-forced-labour-council-adopts-ban\/?utm_source=www.greendigest.co&amp;utm_medium=newsletter&amp;utm_campaign=what-s-happening-in-sustainability-esg-week-recap-19-11-25-11\" data-type=\"link\" data-id=\"https:\/\/www.consilium.europa.eu\/en\/press\/press-releases\/2024\/11\/19\/products-made-with-forced-labour-council-adopts-ban\/?utm_source=www.greendigest.co&amp;utm_medium=newsletter&amp;utm_campaign=what-s-happening-in-sustainability-esg-week-recap-19-11-25-11\">EUFLR<\/a>), koja ima za cilj zabraniti proizvode proizvedene prisilnim radom s unutarnjeg tr\u017ei\u0161ta EU-a. Ova uredba stupa na snagu tri godine nakon objave, s o\u010dekivanim datumom potpune primjene krajem 2027. godine, a predstavlja zna\u010dajan korak u borbi protiv modernog ropstva i ja\u010danju po\u0161tivanja ljudskih prava unutar globalnih lanaca opskrbe. EUFLR zajedno s Direktivom o du\u017enoj pa\u017enji za odr\u017eivo poslovanje (<a href=\"https:\/\/eur-lex.europa.eu\/eli\/dir\/2024\/1760\/oj?eliuri=eli%3Adir%3A2024%3A1760%3Aoj&amp;locale=hr\" data-type=\"link\" data-id=\"https:\/\/eur-lex.europa.eu\/eli\/dir\/2024\/1760\/oj\">CSDDD<\/a>) i Uredbom o kr\u010denju \u0161uma (<a href=\"https:\/\/eur-lex.europa.eu\/legal-content\/HR\/TXT\/PDF\/?uri=CELEX:32023R1115\" data-type=\"link\" data-id=\"https:\/\/eur-lex.europa.eu\/legal-content\/HR\/TXT\/PDF\/?uri=CELEX:32023R1115\">EUDR<\/a>) \u010dini zakonodavnu trijadu za osiguravanje odgovornog poslovnog pona\u0161anja u lancima aktivnosti.<br><\/li>\n\n\n\n<li>Europska komisija objavila je <a href=\"https:\/\/finance.ec.europa.eu\/publications\/frequently-asked-questions-eu-taxonomy_en\" data-type=\"link\" data-id=\"https:\/\/finance.ec.europa.eu\/publications\/frequently-asked-questions-eu-taxonomy_en\">nove smjernice za primjenu Uredbe o uspostavi okvira za olak\u0161avanje odr\u017eivih ulaganja<\/a> (<a href=\"https:\/\/eur-lex.europa.eu\/legal-content\/HR\/TXT\/?uri=CELEX%3A32020R0852\" data-type=\"link\" data-id=\"https:\/\/eur-lex.europa.eu\/legal-content\/HR\/TXT\/?uri=CELEX%3A32020R0852\">EU taksonomija<\/a>) u obliku \u010desto postavljanih pitanja (FAQ). Ove smjernice obuhva\u0107aju tehni\u010dke aspekte regulative i pru\u017eaju dodatna poja\u0161njenja o prakti\u010dnoj primjeni zahtjeva EU taksonomije, interoperabilnosti s Direktivom o korporativnom izvje\u0161\u0107ivanju o odr\u017eivosti (<a href=\"https:\/\/eur-lex.europa.eu\/legal-content\/HR\/TXT\/?uri=CELEX%3A32022L2464\" data-type=\"link\" data-id=\"https:\/\/eur-lex.europa.eu\/legal-content\/HR\/TXT\/?uri=CELEX%3A32022L2464\">CSRD<\/a>) i Europskim standardima izvje\u0161tavanja o odr\u017eivosti (<a href=\"https:\/\/eur-lex.europa.eu\/legal-content\/HR\/TXT\/?uri=CELEX%3A32023R2772\" data-type=\"link\" data-id=\"https:\/\/eur-lex.europa.eu\/legal-content\/HR\/TXT\/?uri=CELEX%3A32023R2772\">ESRS<\/a>) te uskla\u0111ivanju s na\u010delom izbjegavanja nano\u0161enja bitne \u0161tete.<br><\/li>\n\n\n\n<li>Europska savjetodavna skupina za financijsko izvje\u0161tavanje (EFRAG) <a href=\"https:\/\/www.efrag.org\/en\/news-and-calendar\/news\/efrag-esrs-qa-platform-64-new-explanations-available-updating-the-compilation-of-explanations-to-a\" data-type=\"link\" data-id=\"https:\/\/www.efrag.org\/en\/news-and-calendar\/news\/efrag-esrs-qa-platform-64-new-explanations-available-updating-the-compilation-of-explanations-to-a\">objavila je 64 dodatna obja\u0161njenja<\/a> za primjenu Europskih standarda izvje\u0161tavanja o odr\u017eivosti (<a href=\"https:\/\/eur-lex.europa.eu\/legal-content\/HR\/TXT\/?uri=CELEX%3A32023R2772\" data-type=\"link\" data-id=\"https:\/\/eur-lex.europa.eu\/legal-content\/HR\/TXT\/?uri=CELEX%3A32023R2772\">ESRS<\/a>). U sklopu mandata Komisije za pru\u017eanje podr\u0161ke u primjeni ESRS-a, EFRAG je krajem pro\u0161le godine pokrenuo <a href=\"https:\/\/www.efrag.org\/en\/esrs-qa-platform\" data-type=\"link\" data-id=\"https:\/\/www.efrag.org\/en\/esrs-qa-platform\">platformu ESRS Q&amp;A<\/a> za prikupljanje pitanja i objavu odgovora na tehni\u010dka pitanja o pravilnoj primjeni standarda. EFRAG kontinuirano objavljuje odgovore na prikupljena pitanja, a najnovija kompilacija sadr\u017ei ukupno 157 obja\u0161njenja za pitanja dionika prikupljena od sije\u010dnja do studenog ove godine.<br><\/li>\n\n\n\n<li>Vije\u0107e Europske unije je<a href=\"https:\/\/www.consilium.europa.eu\/en\/press\/press-releases\/2024\/11\/19\/environmental-social-and-governance-esg-ratings-council-greenlights-new-regulation\/?utm_source=www.greendigest.co&amp;utm_medium=newsletter&amp;utm_campaign=what-s-happening-in-sustainability-esg-week-recap-19-11-25-11#:~:text=The%20Council%20today%20adopted%20a,confidence%20in%20sustainable%20financial%20products.\" data-type=\"link\" data-id=\"https:\/\/www.consilium.europa.eu\/en\/press\/press-releases\/2024\/11\/19\/environmental-social-and-governance-esg-ratings-council-greenlights-new-regulation\/?utm_source=www.greendigest.co&amp;utm_medium=newsletter&amp;utm_campaign=what-s-happening-in-sustainability-esg-week-recap-19-11-25-11#:~:text=The%20Council%20today%20adopted%20a,confidence%20in%20sustainable%20financial%20products.\"> usvojilo nova pravila za reguliranje ESG rejtinga<\/a> (<a href=\"https:\/\/data.consilium.europa.eu\/doc\/document\/PE-43-2024-INIT\/en\/pdf\" data-type=\"link\" data-id=\"https:\/\/data.consilium.europa.eu\/doc\/document\/PE-43-2024-INIT\/en\/pdf\">ESGR<\/a>), \u010dime se \u017eeli pove\u0107ati transparentnost, dosljednost i povjerenje u ocjene odr\u017eivosti koje pru\u017eaju. Ova regulativa dio je \u0161ireg okvira za osiguranje kvalitete i usporedivosti objava o pitanjima odr\u017eivosti. Pru\u017eatelji ESG rejtinga morat \u0107e se registrirati pri Europskom nadzornom tijelu za vrijednosne papire i tr\u017ei\u0161ta kapitala (ESMA), zadovoljiti stroge standarde transparentnosti i kvalitete podataka koji se koriste u ocjenjivanju, objaviti metodologije koje se koriste u ocjenjivanju ESG kriterija i biti odgovorni za osiguranje to\u010dnosti i pouzdanosti informacija klijenata. Nova pravila trebala bi osigurati ve\u0107u dosljednost u ocjenjivanju performansi, a ulaga\u010dima omogu\u0107iti bolje alate za usporedbu i analizu odr\u017eivosti tvrtki u koje ula\u017eu.<\/li>\n<\/ul>\n\n\n\n<h4 class=\"wp-block-heading\">Zaklju\u010dci sa COP29 odr\u017eanog u Bakuu<\/h4>\n\n\n\n<p>Na 29. konferenciji stranaka Okvirne konvencije Ujedinjenih naroda o promjeni klime (COP29) odr\u017eanoj u Bakuu, Azerbajd\u017ean, gotovo 200 zemalja dogovorilo je niz mjera usmjerenih na ubrzanje globalnog djelovanja protiv klimatskih promjena. Klju\u010dni rezultati obuhva\u0107aju financijske ciljeve, razvoj globalnog tr\u017ei\u0161ta ugljikovih kredita, te \u0161irenje klimatske agende na nove sektore poput turizma.<\/p>\n\n\n\n<p><strong>Klimatsko financiranje<\/strong><\/p>\n\n\n\n<ul class=\"wp-block-list\">\n<li>Zemlje su dogovorile pove\u0107anje godi\u0161njeg klimatskog financiranja na 300 milijardi USD do 2035. godine, zamjenjuju\u0107i prethodni cilj od 100 milijardi USD godi\u0161nje.<\/li>\n\n\n\n<li>Usvojen je \u0161iri cilj mobilizacije 1,3 bilijuna USD godi\u0161nje iz javnih i privatnih izvora za pomo\u0107 zemljama u razvoju u borbi protiv klimatskih promjena.<\/li>\n\n\n\n<li>Kritike: Premda je pove\u0107anje sredstava korak naprijed, mnogi dionici smatraju da je iznos nedovoljan za potrebe najranjivijih zemalja. Nedostatak detalja o izvorima financiranja i distribuciji sredstava izazvao je zabrinutost, posebno me\u0111u zemljama u razvoju.<\/li>\n<\/ul>\n\n\n\n<p><strong>Globalno tr\u017ei\u0161te emisijskih jedinica odnosno uglji\u010dnih kredita<\/strong><\/p>\n\n\n\n<ul class=\"wp-block-list\">\n<li>Dogovorena su pravila za centralizirano trgovanje emisijskim jedinicama putem UN-a, kao i bilateralne razmjene.<\/li>\n\n\n\n<li>O\u010dekivana mobilizacija do 250 milijardi USD godi\u0161nje do 2030. godine, uz cilj smanjenja emisija za 5 milijardi tona godi\u0161nje.<\/li>\n\n\n\n<li>Izazovi: Odr\u017eavanje kvalitete i integriteta uglji\u010dnih kredita ostaje klju\u010dna tema za budu\u0107e pregovore.<\/li>\n<\/ul>\n\n\n\n<p>Odr\u017eivi turizam<\/p>\n\n\n\n<ul class=\"wp-block-list\">\n<li>Vi\u0161e od 50 vlada potpisalo je deklaraciju UN-a o odr\u017eivom turizmu, obvezuju\u0107i se na uklju\u010divanje mjera za smanjenje emisija u ovaj sektor.<\/li>\n\n\n\n<li>Turizam je prepoznat kao sektor odgovoran za 8,8 posto globalnih emisija, s velikim potencijalom za tranziciju prema odr\u017eivijim praksama.<\/li>\n<\/ul>\n\n\n\n<p><strong>Izazovi i kritike<\/strong><\/p>\n\n\n\n<ul class=\"wp-block-list\">\n<li>Nedovoljno financiranje: Premda je pove\u0107anje sredstava korak naprijed, mnogi dionici smatraju da je iznos nedovoljan za potrebe najranjivijih zemalja.<\/li>\n\n\n\n<li>Izostanak plana za obnovljive izvore: Ambiciozni prijedlozi za postupno ukidanje fosilnih goriva blokirani su od strane nekih zemalja, uklju\u010duju\u0107i Saudijsku Arabiju.<\/li>\n\n\n\n<li>Pravna neobvezuju\u0107a priroda: Sporazumi sa COP-a politi\u010dke su prirode, \u0161to ote\u017eava njihovu implementaciju i odgovornost za rezultate.<\/li>\n<\/ul>\n\n\n\n<p>COP29 u Bakuu donio je napredak u pogledu klimatskog financiranja i razvoja globalnog tr\u017ei\u0161ta emisijskih jedinica, no suo\u010dava se s izazovima u pogledu provedbe i globalne uskla\u0111enosti. Iako su financijski ciljevi zna\u010dajno pove\u0107ani, nedostatak detalja o planu tranzicije prema obnovljivim izvorima energije i pravnoj obvezuju\u0107oj prirodi sporazuma izaziva zabrinutost. O\u010dekuje se da \u0107e COP30 u Brazilu donijeti konkretnije mjere i rje\u0161enja za postoje\u0107e izazove.<\/p>\n\n\n\n<p><u><span style=\"color: #2d2b7a;\"><a href=\"https:\/\/www.hauska.hr\/newsletter\" target=\"_blank\" rel=\"noreferrer noopener\">Prijavite se na newsletter i budite u tijeku s novostima o odr\u017eivom poslovanju, organizacijskom razvoju i HR \u2013 u!<\/a><\/span><\/u><\/p>\n\n\n\n<p><\/p>","protected":false},"excerpt":{"rendered":"<p>ESG pit stop #14 Jesen su obilje\u017eili formiranje nove Europske komisije i zna\u010dajne promjene u regulatornom okviru Europske unije. Ovo je pregled najnovijeg izdanja na\u0161eg #ESG pit stopa: Najava skupne uredbe za uskla\u0111ivanje CSRD-a, CSDDD-a i EU taksonomije Predsjednica Europske komisije Ursula von der Leyen najavila je izradu skupne (omnibus) uredbe kojom \u0107e se uskladiti [&hellip;]<\/p>\n","protected":false},"author":9,"featured_media":2769,"comment_status":"open","ping_status":"open","sticky":false,"template":"","format":"standard","meta":{"_uag_custom_page_level_css":"","site-sidebar-layout":"default","site-content-layout":"","ast-site-content-layout":"default","site-content-style":"default","site-sidebar-style":"default","ast-global-header-display":"","ast-banner-title-visibility":"","ast-main-header-display":"","ast-hfb-above-header-display":"","ast-hfb-below-header-display":"","ast-hfb-mobile-header-display":"","site-post-title":"","ast-breadcrumbs-content":"","ast-featured-img":"","footer-sml-layout":"","theme-transparent-header-meta":"","adv-header-id-meta":"","stick-header-meta":"","header-above-stick-meta":"","header-main-stick-meta":"","header-below-stick-meta":"","astra-migrate-meta-layouts":"set","ast-page-background-enabled":"default","ast-page-background-meta":{"desktop":{"background-color":"var(--ast-global-color-4)","background-image":"","background-repeat":"repeat","background-position":"center center","background-size":"auto","background-attachment":"scroll","background-type":"","background-media":"","overlay-type":"","overlay-color":"","overlay-opacity":"","overlay-gradient":""},"tablet":{"background-color":"","background-image":"","background-repeat":"repeat","background-position":"center center","background-size":"auto","background-attachment":"scroll","background-type":"","background-media":"","overlay-type":"","overlay-color":"","overlay-opacity":"","overlay-gradient":""},"mobile":{"background-color":"","background-image":"","background-repeat":"repeat","background-position":"center center","background-size":"auto","background-attachment":"scroll","background-type":"","background-media":"","overlay-type":"","overlay-color":"","overlay-opacity":"","overlay-gradient":""}},"ast-content-background-meta":{"desktop":{"background-color":"var(--ast-global-color-5)","background-image":"","background-repeat":"repeat","background-position":"center center","background-size":"auto","background-attachment":"scroll","background-type":"","background-media":"","overlay-type":"","overlay-color":"","overlay-opacity":"","overlay-gradient":""},"tablet":{"background-color":"var(--ast-global-color-5)","background-image":"","background-repeat":"repeat","background-position":"center center","background-size":"auto","background-attachment":"scroll","background-type":"","background-media":"","overlay-type":"","overlay-color":"","overlay-opacity":"","overlay-gradient":""},"mobile":{"background-color":"var(--ast-global-color-5)","background-image":"","background-repeat":"repeat","background-position":"center center","background-size":"auto","background-attachment":"scroll","background-type":"","background-media":"","overlay-type":"","overlay-color":"","overlay-opacity":"","overlay-gradient":""}},"footnotes":""},"categories":[9],"tags":[],"class_list":["post-2768","post","type-post","status-publish","format-standard","has-post-thumbnail","hentry","category-blog"],"uagb_featured_image_src":{"full":["https:\/\/spring-shift.com\/wp-content\/uploads\/2024\/12\/ESG-pit-stop-4.png",1500,1200,false],"thumbnail":["https:\/\/spring-shift.com\/wp-content\/uploads\/2024\/12\/ESG-pit-stop-4-150x150.png",150,150,true],"medium":["https:\/\/spring-shift.com\/wp-content\/uploads\/2024\/12\/ESG-pit-stop-4-300x240.png",300,240,true],"medium_large":["https:\/\/spring-shift.com\/wp-content\/uploads\/2024\/12\/ESG-pit-stop-4-768x614.png",768,614,true],"large":["https:\/\/spring-shift.com\/wp-content\/uploads\/2024\/12\/ESG-pit-stop-4-1024x819.png",1024,819,true],"1536x1536":["https:\/\/spring-shift.com\/wp-content\/uploads\/2024\/12\/ESG-pit-stop-4.png",1500,1200,false],"2048x2048":["https:\/\/spring-shift.com\/wp-content\/uploads\/2024\/12\/ESG-pit-stop-4.png",1500,1200,false],"trp-custom-language-flag":["https:\/\/spring-shift.com\/wp-content\/uploads\/2024\/12\/ESG-pit-stop-4-15x12.png",15,12,true]},"uagb_author_info":{"display_name":"Riki Pahli\u0107","author_link":"https:\/\/spring-shift.com\/en\/author\/rikipahlic\/"},"uagb_comment_info":0,"uagb_excerpt":"ESG pit stop #14 Jesen su obilje\u017eili formiranje nove Europske komisije i zna\u010dajne promjene u regulatornom okviru Europske unije. Ovo je pregled najnovijeg izdanja na\u0161eg #ESG pit stopa: Najava skupne uredbe za uskla\u0111ivanje CSRD-a, CSDDD-a i EU taksonomije Predsjednica Europske komisije Ursula von der Leyen najavila je izradu skupne (omnibus) uredbe kojom \u0107e se uskladiti&hellip;","_links":{"self":[{"href":"https:\/\/spring-shift.com\/en\/wp-json\/wp\/v2\/posts\/2768","targetHints":{"allow":["GET"]}}],"collection":[{"href":"https:\/\/spring-shift.com\/en\/wp-json\/wp\/v2\/posts"}],"about":[{"href":"https:\/\/spring-shift.com\/en\/wp-json\/wp\/v2\/types\/post"}],"author":[{"embeddable":true,"href":"https:\/\/spring-shift.com\/en\/wp-json\/wp\/v2\/users\/9"}],"replies":[{"embeddable":true,"href":"https:\/\/spring-shift.com\/en\/wp-json\/wp\/v2\/comments?post=2768"}],"version-history":[{"count":6,"href":"https:\/\/spring-shift.com\/en\/wp-json\/wp\/v2\/posts\/2768\/revisions"}],"predecessor-version":[{"id":2940,"href":"https:\/\/spring-shift.com\/en\/wp-json\/wp\/v2\/posts\/2768\/revisions\/2940"}],"wp:featuredmedia":[{"embeddable":true,"href":"https:\/\/spring-shift.com\/en\/wp-json\/wp\/v2\/media\/2769"}],"wp:attachment":[{"href":"https:\/\/spring-shift.com\/en\/wp-json\/wp\/v2\/media?parent=2768"}],"wp:term":[{"taxonomy":"category","embeddable":true,"href":"https:\/\/spring-shift.com\/en\/wp-json\/wp\/v2\/categories?post=2768"},{"taxonomy":"post_tag","embeddable":true,"href":"https:\/\/spring-shift.com\/en\/wp-json\/wp\/v2\/tags?post=2768"}],"curies":[{"name":"wp","href":"https:\/\/api.w.org\/{rel}","templated":true}]}}